{"id":61525,"date":"2026-03-09T19:13:56","date_gmt":"2026-03-09T19:13:56","guid":{"rendered":"https:\/\/www.enjoybarocco.com\/?p=61525"},"modified":"2026-04-02T13:32:39","modified_gmt":"2026-04-02T13:32:39","slug":"santa-croce-camerina-il-cuore-della-devozione-per-san-giuseppe-scopri-le-cene-e-il-pane","status":"publish","type":"post","link":"https:\/\/www.enjoybarocco.com\/fr\/santa-croce-camerina-il-cuore-della-devozione-per-san-giuseppe-scopri-le-cene-e-il-pane\/","title":{"rendered":"Santa Croce Camerina: il cuore della devozione. Per San Giuseppe scopri le \u00ab\u00a0Cene\u00a0\u00bb e il pane"},"content":{"rendered":"\n<p><strong>SANTA CROCE CAMERINA<\/strong> \u2013 Se c&rsquo;\u00e8 un momento in cui l\u2019anima di Santa Croce Camerina si rivela in tutta la sua bellezza, \u00e8 certamente la festa di San Giuseppe. Non \u00e8 solo una celebrazione religiosa, ma un rito collettivo che trasforma le case in santuari e il cibo in un\u2019offerta sacra. Quest\u2019anno, l\u2019Amministrazione comunale ha predisposto un cartellone che punta a valorizzare questa identit\u00e0 unica, aprendola ai visitatori attraverso cultura, musica e visite guidate.<\/p>\n\n\n\n<h3 class=\"wp-block-heading\">Il cuore del rito: le tradizionali \u00ab\u00a0Cene\u00a0\u00bb<\/h3>\n\n\n\n<p>Al centro di tutto restano le <strong>Cene di San Giuseppe<\/strong>, imbandite dai devoti come ringraziamento per una grazia ricevuta (<em>\u00ab\u00a0u vutu\u00a0\u00bb<\/em>). Entrare in una casa dove \u00e8 allestita una Cena significa immergersi in un trionfo di simboli: altari imbanditi dove spicca la pasta con le sarde e il finocchietto selvatico, le primizie della terra e i dolci tipici.<\/p>\n\n\n\n<p>Il momento clou delle Cene \u00e8 la rappresentazione della <strong>Sacra Famiglia<\/strong>: tre persone (spesso scelte tra le pi\u00f9 bisognose del paese) impersonano Ges\u00f9, Giuseppe e Maria, consumando il banchetto in un rito di solidariet\u00e0 che affonda le radici nel 1832.<\/p>\n\n\n\n<h3 class=\"wp-block-heading\">L\u2019arte del \u00ab\u00a0Pani Pulitu\u00a0\u00bb<\/h3>\n\n\n\n<p>Il protagonista indiscusso \u00e8 il <strong>\u00ab\u00a0Pani Pulitu\u00a0\u00bb<\/strong> (Pane Pulito), una vera e propria scultura commestibile iscritta nel Registro delle Eredit\u00e0 Immateriali di Sicilia (REIS). Lavorato con semola di grano duro e finemente decorato a mano con l&rsquo;uso di un pettine e di piccoli ferri, il pane assume forme simboliche:<\/p>\n\n\n\n<ul class=\"wp-block-list\">\n<li><strong>U Vastuni:<\/strong> il bastone fiorito di San Giuseppe;<\/li>\n\n\n\n<li><strong>A Spera:<\/strong> l&rsquo;ostensorio;<\/li>\n\n\n\n<li><strong>A Varva:<\/strong> la barba del Santo;<\/li>\n\n\n\n<li><strong>I Ucciddati:<\/strong> simboli di abbondanza e fratellanza.<\/li>\n<\/ul>\n\n\n\n<h3 class=\"wp-block-heading\">Il programma 2026: tra cultura e Orietta Berti<\/h3>\n\n\n\n<p>L\u2019edizione di quest\u2019anno amplia l\u2019offerta per cittadini e turisti con iniziative che permettono di approfondire la conoscenza di questi riti:<\/p>\n\n\n\n<ul class=\"wp-block-list\">\n<li><strong>Visite Guidate:<\/strong> Sar\u00e0 possibile partecipare a percorsi organizzati che condurranno i visitatori attraverso le <strong>Cene<\/strong> allestite nelle abitazioni private, permettendo di ammirare da vicino l\u2019arte dell\u2019allestimento e della panificazione.<\/li>\n\n\n\n<li><strong>Il Museo Demologico:<\/strong> Il programma prevede aperture straordinarie e visite guidate al Museo, custode della memoria storica e degli attrezzi della tradizione contadina locale.<\/li>\n\n\n\n<li><strong>Grandi Spettacoli:<\/strong> La sera di <strong>sabato 14 marzo<\/strong>, piazza Vittorio Emanuele II si accender\u00e0 con la voce di <strong>Orietta Berti<\/strong>. La \u00ab\u00a0capinera dell&rsquo;Emilia\u00a0\u00bb porter\u00e0 a Santa Croce il suo tour <em>\u00ab\u00a0La mia vita \u00e8 un film\u00a0\u00bb<\/em>, promettendo una serata di grandi successi e commozione.<\/li>\n<\/ul>\n\n\n\n<h3 class=\"wp-block-heading\">Gli altri appuntamenti<\/h3>\n\n\n\n<p>Non mancher\u00e0 la tradizionale <strong>Asta di San Giuseppe<\/strong> (domenica 15 marzo), dove i doni offerti al Santo vengono venduti al miglior offerente in un clima di gioiosa partecipazione, e l&rsquo;attesa <strong>processione del simulacro<\/strong> che attraverser\u00e0 il centro storico tra ali di folla e fuochi d&rsquo;artificio.<\/p>\n\n\n\n<p>Santa Croce Camerina invita tutti a riscoprire il valore dell&rsquo;accoglienza, in una festa dove il pane non \u00e8 solo cibo, ma un legame indissolubile tra l&rsquo;uomo, la terra e il sacro.<\/p>\n\n\n\n<figure class=\"wp-block-image size-large\"><img fetchpriority=\"high\" decoding=\"async\" width=\"819\" height=\"1024\" src=\"https:\/\/www.enjoybarocco.com\/wp-content\/uploads\/2026\/03\/visite-guidate-cene-819x1024.jpg\" alt=\"\" class=\"wp-image-61527\" srcset=\"https:\/\/www.enjoybarocco.com\/wp-content\/uploads\/2026\/03\/visite-guidate-cene-819x1024.jpg 819w, https:\/\/www.enjoybarocco.com\/wp-content\/uploads\/2026\/03\/visite-guidate-cene-240x300.jpg 240w, https:\/\/www.enjoybarocco.com\/wp-content\/uploads\/2026\/03\/visite-guidate-cene-768x960.jpg 768w, https:\/\/www.enjoybarocco.com\/wp-content\/uploads\/2026\/03\/visite-guidate-cene.jpg 1080w\" sizes=\"(max-width: 819px) 100vw, 819px\" \/><\/figure>\n\n\n\n<figure class=\"wp-block-image size-large\"><img decoding=\"async\" width=\"819\" height=\"1024\" src=\"https:\/\/www.enjoybarocco.com\/wp-content\/uploads\/2026\/03\/visite-guidate-museo-819x1024.jpg\" alt=\"\" class=\"wp-image-61526\" srcset=\"https:\/\/www.enjoybarocco.com\/wp-content\/uploads\/2026\/03\/visite-guidate-museo-819x1024.jpg 819w, https:\/\/www.enjoybarocco.com\/wp-content\/uploads\/2026\/03\/visite-guidate-museo-240x300.jpg 240w, https:\/\/www.enjoybarocco.com\/wp-content\/uploads\/2026\/03\/visite-guidate-museo-768x960.jpg 768w, https:\/\/www.enjoybarocco.com\/wp-content\/uploads\/2026\/03\/visite-guidate-museo.jpg 1080w\" sizes=\"(max-width: 819px) 100vw, 819px\" \/><\/figure>\n\n\n\n<figure class=\"wp-block-gallery has-nested-images columns-default is-cropped wp-block-gallery-1 is-layout-flex wp-block-gallery-is-layout-flex\">\n<figure class=\"wp-block-image size-large\"><img decoding=\"async\" width=\"819\" height=\"1024\" data-id=\"61536\" src=\"https:\/\/www.enjoybarocco.com\/wp-content\/uploads\/2026\/03\/san-giuseppe-2026-00-819x1024.jpg\" alt=\"\" class=\"wp-image-61536\" srcset=\"https:\/\/www.enjoybarocco.com\/wp-content\/uploads\/2026\/03\/san-giuseppe-2026-00-819x1024.jpg 819w, https:\/\/www.enjoybarocco.com\/wp-content\/uploads\/2026\/03\/san-giuseppe-2026-00-240x300.jpg 240w, https:\/\/www.enjoybarocco.com\/wp-content\/uploads\/2026\/03\/san-giuseppe-2026-00-768x960.jpg 768w, https:\/\/www.enjoybarocco.com\/wp-content\/uploads\/2026\/03\/san-giuseppe-2026-00.jpg 1080w\" sizes=\"(max-width: 819px) 100vw, 819px\" \/><\/figure>\n\n\n\n<figure class=\"wp-block-image size-large\"><img loading=\"lazy\" decoding=\"async\" width=\"819\" height=\"1024\" data-id=\"61529\" src=\"https:\/\/www.enjoybarocco.com\/wp-content\/uploads\/2026\/03\/san-giuseppe-2026-01-819x1024.jpg\" alt=\"\" class=\"wp-image-61529\" srcset=\"https:\/\/www.enjoybarocco.com\/wp-content\/uploads\/2026\/03\/san-giuseppe-2026-01-819x1024.jpg 819w, https:\/\/www.enjoybarocco.com\/wp-content\/uploads\/2026\/03\/san-giuseppe-2026-01-240x300.jpg 240w, https:\/\/www.enjoybarocco.com\/wp-content\/uploads\/2026\/03\/san-giuseppe-2026-01-768x960.jpg 768w, https:\/\/www.enjoybarocco.com\/wp-content\/uploads\/2026\/03\/san-giuseppe-2026-01.jpg 1080w\" sizes=\"(max-width: 819px) 100vw, 819px\" \/><\/figure>\n\n\n\n<figure class=\"wp-block-image size-large\"><img loading=\"lazy\" decoding=\"async\" width=\"819\" height=\"1024\" data-id=\"61530\" src=\"https:\/\/www.enjoybarocco.com\/wp-content\/uploads\/2026\/03\/san-giuseppe-2026-02-819x1024.jpg\" alt=\"\" class=\"wp-image-61530\" srcset=\"https:\/\/www.enjoybarocco.com\/wp-content\/uploads\/2026\/03\/san-giuseppe-2026-02-819x1024.jpg 819w, https:\/\/www.enjoybarocco.com\/wp-content\/uploads\/2026\/03\/san-giuseppe-2026-02-240x300.jpg 240w, https:\/\/www.enjoybarocco.com\/wp-content\/uploads\/2026\/03\/san-giuseppe-2026-02-768x960.jpg 768w, https:\/\/www.enjoybarocco.com\/wp-content\/uploads\/2026\/03\/san-giuseppe-2026-02.jpg 1080w\" sizes=\"(max-width: 819px) 100vw, 819px\" \/><\/figure>\n\n\n\n<figure class=\"wp-block-image size-large\"><img loading=\"lazy\" decoding=\"async\" width=\"819\" height=\"1024\" data-id=\"61533\" src=\"https:\/\/www.enjoybarocco.com\/wp-content\/uploads\/2026\/03\/san-giuseppe-2026-03-819x1024.jpg\" alt=\"\" class=\"wp-image-61533\" srcset=\"https:\/\/www.enjoybarocco.com\/wp-content\/uploads\/2026\/03\/san-giuseppe-2026-03-819x1024.jpg 819w, https:\/\/www.enjoybarocco.com\/wp-content\/uploads\/2026\/03\/san-giuseppe-2026-03-240x300.jpg 240w, https:\/\/www.enjoybarocco.com\/wp-content\/uploads\/2026\/03\/san-giuseppe-2026-03-768x960.jpg 768w, https:\/\/www.enjoybarocco.com\/wp-content\/uploads\/2026\/03\/san-giuseppe-2026-03.jpg 1080w\" sizes=\"(max-width: 819px) 100vw, 819px\" \/><\/figure>\n\n\n\n<figure class=\"wp-block-image size-large\"><img loading=\"lazy\" decoding=\"async\" width=\"819\" height=\"1024\" data-id=\"61532\" src=\"https:\/\/www.enjoybarocco.com\/wp-content\/uploads\/2026\/03\/san-giuseppe-2026-04-819x1024.jpg\" alt=\"\" class=\"wp-image-61532\" srcset=\"https:\/\/www.enjoybarocco.com\/wp-content\/uploads\/2026\/03\/san-giuseppe-2026-04-819x1024.jpg 819w, https:\/\/www.enjoybarocco.com\/wp-content\/uploads\/2026\/03\/san-giuseppe-2026-04-240x300.jpg 240w, https:\/\/www.enjoybarocco.com\/wp-content\/uploads\/2026\/03\/san-giuseppe-2026-04-768x960.jpg 768w, https:\/\/www.enjoybarocco.com\/wp-content\/uploads\/2026\/03\/san-giuseppe-2026-04.jpg 1080w\" sizes=\"(max-width: 819px) 100vw, 819px\" \/><\/figure>\n\n\n\n<figure class=\"wp-block-image size-large\"><img loading=\"lazy\" decoding=\"async\" width=\"819\" height=\"1024\" data-id=\"61535\" src=\"https:\/\/www.enjoybarocco.com\/wp-content\/uploads\/2026\/03\/san-giuseppe-2026-05-819x1024.jpg\" alt=\"\" class=\"wp-image-61535\" srcset=\"https:\/\/www.enjoybarocco.com\/wp-content\/uploads\/2026\/03\/san-giuseppe-2026-05-819x1024.jpg 819w, https:\/\/www.enjoybarocco.com\/wp-content\/uploads\/2026\/03\/san-giuseppe-2026-05-240x300.jpg 240w, https:\/\/www.enjoybarocco.com\/wp-content\/uploads\/2026\/03\/san-giuseppe-2026-05-768x960.jpg 768w, https:\/\/www.enjoybarocco.com\/wp-content\/uploads\/2026\/03\/san-giuseppe-2026-05.jpg 1080w\" sizes=\"(max-width: 819px) 100vw, 819px\" \/><\/figure>\n\n\n\n<figure class=\"wp-block-image size-large\"><img loading=\"lazy\" decoding=\"async\" width=\"819\" height=\"1024\" data-id=\"61531\" src=\"https:\/\/www.enjoybarocco.com\/wp-content\/uploads\/2026\/03\/san-giuseppe-2026-06-819x1024.jpg\" alt=\"\" class=\"wp-image-61531\" srcset=\"https:\/\/www.enjoybarocco.com\/wp-content\/uploads\/2026\/03\/san-giuseppe-2026-06-819x1024.jpg 819w, https:\/\/www.enjoybarocco.com\/wp-content\/uploads\/2026\/03\/san-giuseppe-2026-06-240x300.jpg 240w, https:\/\/www.enjoybarocco.com\/wp-content\/uploads\/2026\/03\/san-giuseppe-2026-06-768x960.jpg 768w, https:\/\/www.enjoybarocco.com\/wp-content\/uploads\/2026\/03\/san-giuseppe-2026-06.jpg 1080w\" sizes=\"(max-width: 819px) 100vw, 819px\" \/><\/figure>\n\n\n\n<figure class=\"wp-block-image size-large\"><img loading=\"lazy\" decoding=\"async\" width=\"819\" height=\"1024\" data-id=\"61534\" src=\"https:\/\/www.enjoybarocco.com\/wp-content\/uploads\/2026\/03\/san-giuseppe-2026-07-819x1024.jpg\" alt=\"\" class=\"wp-image-61534\" srcset=\"https:\/\/www.enjoybarocco.com\/wp-content\/uploads\/2026\/03\/san-giuseppe-2026-07-819x1024.jpg 819w, https:\/\/www.enjoybarocco.com\/wp-content\/uploads\/2026\/03\/san-giuseppe-2026-07-240x300.jpg 240w, https:\/\/www.enjoybarocco.com\/wp-content\/uploads\/2026\/03\/san-giuseppe-2026-07-768x960.jpg 768w, https:\/\/www.enjoybarocco.com\/wp-content\/uploads\/2026\/03\/san-giuseppe-2026-07.jpg 1080w\" sizes=\"(max-width: 819px) 100vw, 819px\" \/><\/figure>\n<\/figure>\n","protected":false},"excerpt":{"rendered":"<p>SANTA CROCE CAMERINA \u2013 Se c&rsquo;\u00e8 un momento in cui l\u2019anima di Santa Croce Camerina si rivela in tutta la [&hellip;]<\/p>\n","protected":false},"author":107,"featured_media":61528,"comment_status":"open","ping_status":"open","sticky":false,"template":"","format":"standard","meta":{"site-sidebar-layout":"default","site-content-layout":"","ast-site-content-layout":"default","site-content-style":"default","site-sidebar-style":"default","ast-global-header-display":"","ast-banner-title-visibility":"","ast-main-header-display":"","ast-hfb-above-header-display":"","ast-hfb-below-header-display":"","ast-hfb-mobile-header-display":"","site-post-title":"","ast-breadcrumbs-content":"","ast-featured-img":"","footer-sml-layout":"","theme-transparent-header-meta":"","adv-header-id-meta":"","stick-header-meta":"","header-above-stick-meta":"","header-main-stick-meta":"","header-below-stick-meta":"","astra-migrate-meta-layouts":"default","ast-page-background-enabled":"default","ast-page-background-meta":{"desktop":{"background-color":"var(--ast-global-color-5)","background-image":"","background-repeat":"repeat","background-position":"center center","background-size":"auto","background-attachment":"scroll","background-type":"","background-media":"","overlay-type":"","overlay-color":"","overlay-opacity":"","overlay-gradient":""},"tablet":{"background-color":"","background-image":"","background-repeat":"repeat","background-position":"center center","background-size":"auto","background-attachment":"scroll","background-type":"","background-media":"","overlay-type":"","overlay-color":"","overlay-opacity":"","overlay-gradient":""},"mobile":{"background-color":"","background-image":"","background-repeat":"repeat","background-position":"center center","background-size":"auto","background-attachment":"scroll","background-type":"","background-media":"","overlay-type":"","overlay-color":"","overlay-opacity":"","overlay-gradient":""}},"ast-content-background-meta":{"desktop":{"background-color":"var(--ast-global-color-4)","background-image":"","background-repeat":"repeat","background-position":"center center","background-size":"auto","background-attachment":"scroll","background-type":"","background-media":"","overlay-type":"","overlay-color":"","overlay-opacity":"","overlay-gradient":""},"tablet":{"background-color":"var(--ast-global-color-4)","background-image":"","background-repeat":"repeat","background-position":"center center","background-size":"auto","background-attachment":"scroll","background-type":"","background-media":"","overlay-type":"","overlay-color":"","overlay-opacity":"","overlay-gradient":""},"mobile":{"background-color":"var(--ast-global-color-4)","background-image":"","background-repeat":"repeat","background-position":"center center","background-size":"auto","background-attachment":"scroll","background-type":"","background-media":"","overlay-type":"","overlay-color":"","overlay-opacity":"","overlay-gradient":""}},"footnotes":""},"categories":[200],"tags":[],"class_list":["post-61525","post","type-post","status-publish","format-standard","has-post-thumbnail","hentry","category-notizie"],"yoast_head":"<!-- This site is optimized with the Yoast SEO plugin v26.1.1 - https:\/\/yoast.com\/wordpress\/plugins\/seo\/ -->\n<title>Santa Croce Camerina: il cuore della devozione. Per San Giuseppe scopri le &quot;Cene&quot; e il pane - Enjoy Barocco - Sicilian Experience<\/title>\n<meta name=\"robots\" content=\"index, follow, max-snippet:-1, max-image-preview:large, max-video-preview:-1\" \/>\n<link rel=\"canonical\" href=\"https:\/\/www.enjoybarocco.com\/santa-croce-camerina-il-cuore-della-devozione-per-san-giuseppe-scopri-le-cene-e-il-pane\/\" \/>\n<meta property=\"og:locale\" content=\"fr_FR\" \/>\n<meta property=\"og:type\" content=\"article\" \/>\n<meta property=\"og:title\" content=\"Santa Croce Camerina: il cuore della devozione. Per San Giuseppe scopri le &quot;Cene&quot; e il pane - Enjoy Barocco - Sicilian Experience\" \/>\n<meta property=\"og:description\" content=\"SANTA CROCE CAMERINA \u2013 Se c&rsquo;\u00e8 un momento in cui l\u2019anima di Santa Croce Camerina si rivela in tutta la [&hellip;]\" \/>\n<meta property=\"og:url\" content=\"https:\/\/www.enjoybarocco.com\/santa-croce-camerina-il-cuore-della-devozione-per-san-giuseppe-scopri-le-cene-e-il-pane\/\" \/>\n<meta property=\"og:site_name\" content=\"Enjoy Barocco - Sicilian Experience\" \/>\n<meta property=\"article:published_time\" content=\"2026-03-09T19:13:56+00:00\" \/>\n<meta property=\"article:modified_time\" content=\"2026-04-02T13:32:39+00:00\" \/>\n<meta property=\"og:image\" content=\"https:\/\/www.enjoybarocco.com\/wp-content\/uploads\/2026\/03\/cene-di-san-giuseppe-santa-croce-camerina.jpg\" \/>\n\t<meta property=\"og:image:width\" content=\"960\" \/>\n\t<meta property=\"og:image:height\" content=\"540\" \/>\n\t<meta property=\"og:image:type\" content=\"image\/jpeg\" \/>\n<meta name=\"author\" content=\"Medialive\" \/>\n<meta name=\"twitter:card\" content=\"summary_large_image\" \/>\n<meta name=\"twitter:label1\" content=\"\u00c9crit par\" \/>\n\t<meta name=\"twitter:data1\" content=\"Medialive\" \/>\n\t<meta name=\"twitter:label2\" content=\"Dur\u00e9e de lecture estim\u00e9e\" \/>\n\t<meta name=\"twitter:data2\" content=\"5 minutes\" \/>\n<script type=\"application\/ld+json\" class=\"yoast-schema-graph\">{\"@context\":\"https:\/\/schema.org\",\"@graph\":[{\"@type\":\"WebPage\",\"@id\":\"https:\/\/www.enjoybarocco.com\/santa-croce-camerina-il-cuore-della-devozione-per-san-giuseppe-scopri-le-cene-e-il-pane\/\",\"url\":\"https:\/\/www.enjoybarocco.com\/santa-croce-camerina-il-cuore-della-devozione-per-san-giuseppe-scopri-le-cene-e-il-pane\/\",\"name\":\"Santa Croce Camerina: il cuore della devozione. Per San Giuseppe scopri le \\\"Cene\\\" e il pane - Enjoy Barocco - Sicilian Experience\",\"isPartOf\":{\"@id\":\"https:\/\/www.enjoybarocco.com\/#website\"},\"primaryImageOfPage\":{\"@id\":\"https:\/\/www.enjoybarocco.com\/santa-croce-camerina-il-cuore-della-devozione-per-san-giuseppe-scopri-le-cene-e-il-pane\/#primaryimage\"},\"image\":{\"@id\":\"https:\/\/www.enjoybarocco.com\/santa-croce-camerina-il-cuore-della-devozione-per-san-giuseppe-scopri-le-cene-e-il-pane\/#primaryimage\"},\"thumbnailUrl\":\"https:\/\/www.enjoybarocco.com\/wp-content\/uploads\/2026\/03\/cene-di-san-giuseppe-santa-croce-camerina.jpg\",\"datePublished\":\"2026-03-09T19:13:56+00:00\",\"dateModified\":\"2026-04-02T13:32:39+00:00\",\"author\":{\"@id\":\"https:\/\/www.enjoybarocco.com\/#\/schema\/person\/fc241dc852c8e9ba0154bd571a9e8591\"},\"breadcrumb\":{\"@id\":\"https:\/\/www.enjoybarocco.com\/santa-croce-camerina-il-cuore-della-devozione-per-san-giuseppe-scopri-le-cene-e-il-pane\/#breadcrumb\"},\"inLanguage\":\"fr-FR\",\"potentialAction\":[{\"@type\":\"ReadAction\",\"target\":[\"https:\/\/www.enjoybarocco.com\/santa-croce-camerina-il-cuore-della-devozione-per-san-giuseppe-scopri-le-cene-e-il-pane\/\"]}]},{\"@type\":\"ImageObject\",\"inLanguage\":\"fr-FR\",\"@id\":\"https:\/\/www.enjoybarocco.com\/santa-croce-camerina-il-cuore-della-devozione-per-san-giuseppe-scopri-le-cene-e-il-pane\/#primaryimage\",\"url\":\"https:\/\/www.enjoybarocco.com\/wp-content\/uploads\/2026\/03\/cene-di-san-giuseppe-santa-croce-camerina.jpg\",\"contentUrl\":\"https:\/\/www.enjoybarocco.com\/wp-content\/uploads\/2026\/03\/cene-di-san-giuseppe-santa-croce-camerina.jpg\",\"width\":960,\"height\":540},{\"@type\":\"BreadcrumbList\",\"@id\":\"https:\/\/www.enjoybarocco.com\/santa-croce-camerina-il-cuore-della-devozione-per-san-giuseppe-scopri-le-cene-e-il-pane\/#breadcrumb\",\"itemListElement\":[{\"@type\":\"ListItem\",\"position\":1,\"name\":\"Home\",\"item\":\"https:\/\/www.enjoybarocco.com\/\"},{\"@type\":\"ListItem\",\"position\":2,\"name\":\"Santa Croce Camerina: il cuore della devozione. Per San Giuseppe scopri le &#8220;Cene&#8221; e il pane\"}]},{\"@type\":\"WebSite\",\"@id\":\"https:\/\/www.enjoybarocco.com\/#website\",\"url\":\"https:\/\/www.enjoybarocco.com\/\",\"name\":\"Enjoy Barocco - Sicilian Experience\",\"description\":\"\",\"potentialAction\":[{\"@type\":\"SearchAction\",\"target\":{\"@type\":\"EntryPoint\",\"urlTemplate\":\"https:\/\/www.enjoybarocco.com\/?s={search_term_string}\"},\"query-input\":{\"@type\":\"PropertyValueSpecification\",\"valueRequired\":true,\"valueName\":\"search_term_string\"}}],\"inLanguage\":\"fr-FR\"},{\"@type\":\"Person\",\"@id\":\"https:\/\/www.enjoybarocco.com\/#\/schema\/person\/fc241dc852c8e9ba0154bd571a9e8591\",\"name\":\"Medialive\",\"image\":{\"@type\":\"ImageObject\",\"inLanguage\":\"fr-FR\",\"@id\":\"https:\/\/www.enjoybarocco.com\/#\/schema\/person\/image\/\",\"url\":\"https:\/\/secure.gravatar.com\/avatar\/44391142a64911857c80d02ad53c7507291f508a5ef8bed437878d1936cd1140?s=96&d=mm&r=g\",\"contentUrl\":\"https:\/\/secure.gravatar.com\/avatar\/44391142a64911857c80d02ad53c7507291f508a5ef8bed437878d1936cd1140?s=96&d=mm&r=g\",\"caption\":\"Medialive\"},\"url\":\"https:\/\/www.enjoybarocco.com\/fr\/author\/medialive\/\"}]}<\/script>\n<!-- \/ Yoast SEO plugin. -->","yoast_head_json":{"title":"Santa Croce Camerina: il cuore della devozione. Per San Giuseppe scopri le \"Cene\" e il pane - Enjoy Barocco - Sicilian Experience","robots":{"index":"index","follow":"follow","max-snippet":"max-snippet:-1","max-image-preview":"max-image-preview:large","max-video-preview":"max-video-preview:-1"},"canonical":"https:\/\/www.enjoybarocco.com\/santa-croce-camerina-il-cuore-della-devozione-per-san-giuseppe-scopri-le-cene-e-il-pane\/","og_locale":"fr_FR","og_type":"article","og_title":"Santa Croce Camerina: il cuore della devozione. Per San Giuseppe scopri le \"Cene\" e il pane - Enjoy Barocco - Sicilian Experience","og_description":"SANTA CROCE CAMERINA \u2013 Se c&rsquo;\u00e8 un momento in cui l\u2019anima di Santa Croce Camerina si rivela in tutta la [&hellip;]","og_url":"https:\/\/www.enjoybarocco.com\/santa-croce-camerina-il-cuore-della-devozione-per-san-giuseppe-scopri-le-cene-e-il-pane\/","og_site_name":"Enjoy Barocco - Sicilian Experience","article_published_time":"2026-03-09T19:13:56+00:00","article_modified_time":"2026-04-02T13:32:39+00:00","og_image":[{"width":960,"height":540,"url":"https:\/\/www.enjoybarocco.com\/wp-content\/uploads\/2026\/03\/cene-di-san-giuseppe-santa-croce-camerina.jpg","type":"image\/jpeg"}],"author":"Medialive","twitter_card":"summary_large_image","twitter_misc":{"\u00c9crit par":"Medialive","Dur\u00e9e de lecture estim\u00e9e":"5 minutes"},"schema":{"@context":"https:\/\/schema.org","@graph":[{"@type":"WebPage","@id":"https:\/\/www.enjoybarocco.com\/santa-croce-camerina-il-cuore-della-devozione-per-san-giuseppe-scopri-le-cene-e-il-pane\/","url":"https:\/\/www.enjoybarocco.com\/santa-croce-camerina-il-cuore-della-devozione-per-san-giuseppe-scopri-le-cene-e-il-pane\/","name":"Santa Croce Camerina: il cuore della devozione. Per San Giuseppe scopri le \"Cene\" e il pane - Enjoy Barocco - Sicilian Experience","isPartOf":{"@id":"https:\/\/www.enjoybarocco.com\/#website"},"primaryImageOfPage":{"@id":"https:\/\/www.enjoybarocco.com\/santa-croce-camerina-il-cuore-della-devozione-per-san-giuseppe-scopri-le-cene-e-il-pane\/#primaryimage"},"image":{"@id":"https:\/\/www.enjoybarocco.com\/santa-croce-camerina-il-cuore-della-devozione-per-san-giuseppe-scopri-le-cene-e-il-pane\/#primaryimage"},"thumbnailUrl":"https:\/\/www.enjoybarocco.com\/wp-content\/uploads\/2026\/03\/cene-di-san-giuseppe-santa-croce-camerina.jpg","datePublished":"2026-03-09T19:13:56+00:00","dateModified":"2026-04-02T13:32:39+00:00","author":{"@id":"https:\/\/www.enjoybarocco.com\/#\/schema\/person\/fc241dc852c8e9ba0154bd571a9e8591"},"breadcrumb":{"@id":"https:\/\/www.enjoybarocco.com\/santa-croce-camerina-il-cuore-della-devozione-per-san-giuseppe-scopri-le-cene-e-il-pane\/#breadcrumb"},"inLanguage":"fr-FR","potentialAction":[{"@type":"ReadAction","target":["https:\/\/www.enjoybarocco.com\/santa-croce-camerina-il-cuore-della-devozione-per-san-giuseppe-scopri-le-cene-e-il-pane\/"]}]},{"@type":"ImageObject","inLanguage":"fr-FR","@id":"https:\/\/www.enjoybarocco.com\/santa-croce-camerina-il-cuore-della-devozione-per-san-giuseppe-scopri-le-cene-e-il-pane\/#primaryimage","url":"https:\/\/www.enjoybarocco.com\/wp-content\/uploads\/2026\/03\/cene-di-san-giuseppe-santa-croce-camerina.jpg","contentUrl":"https:\/\/www.enjoybarocco.com\/wp-content\/uploads\/2026\/03\/cene-di-san-giuseppe-santa-croce-camerina.jpg","width":960,"height":540},{"@type":"BreadcrumbList","@id":"https:\/\/www.enjoybarocco.com\/santa-croce-camerina-il-cuore-della-devozione-per-san-giuseppe-scopri-le-cene-e-il-pane\/#breadcrumb","itemListElement":[{"@type":"ListItem","position":1,"name":"Home","item":"https:\/\/www.enjoybarocco.com\/"},{"@type":"ListItem","position":2,"name":"Santa Croce Camerina: il cuore della devozione. Per San Giuseppe scopri le &#8220;Cene&#8221; e il pane"}]},{"@type":"WebSite","@id":"https:\/\/www.enjoybarocco.com\/#website","url":"https:\/\/www.enjoybarocco.com\/","name":"Enjoy Barocco - Sicilian Experience","description":"","potentialAction":[{"@type":"SearchAction","target":{"@type":"EntryPoint","urlTemplate":"https:\/\/www.enjoybarocco.com\/?s={search_term_string}"},"query-input":{"@type":"PropertyValueSpecification","valueRequired":true,"valueName":"search_term_string"}}],"inLanguage":"fr-FR"},{"@type":"Person","@id":"https:\/\/www.enjoybarocco.com\/#\/schema\/person\/fc241dc852c8e9ba0154bd571a9e8591","name":"Medialive","image":{"@type":"ImageObject","inLanguage":"fr-FR","@id":"https:\/\/www.enjoybarocco.com\/#\/schema\/person\/image\/","url":"https:\/\/secure.gravatar.com\/avatar\/44391142a64911857c80d02ad53c7507291f508a5ef8bed437878d1936cd1140?s=96&d=mm&r=g","contentUrl":"https:\/\/secure.gravatar.com\/avatar\/44391142a64911857c80d02ad53c7507291f508a5ef8bed437878d1936cd1140?s=96&d=mm&r=g","caption":"Medialive"},"url":"https:\/\/www.enjoybarocco.com\/fr\/author\/medialive\/"}]}},"_links":{"self":[{"href":"https:\/\/www.enjoybarocco.com\/fr\/wp-json\/wp\/v2\/posts\/61525","targetHints":{"allow":["GET"]}}],"collection":[{"href":"https:\/\/www.enjoybarocco.com\/fr\/wp-json\/wp\/v2\/posts"}],"about":[{"href":"https:\/\/www.enjoybarocco.com\/fr\/wp-json\/wp\/v2\/types\/post"}],"author":[{"embeddable":true,"href":"https:\/\/www.enjoybarocco.com\/fr\/wp-json\/wp\/v2\/users\/107"}],"replies":[{"embeddable":true,"href":"https:\/\/www.enjoybarocco.com\/fr\/wp-json\/wp\/v2\/comments?post=61525"}],"version-history":[{"count":1,"href":"https:\/\/www.enjoybarocco.com\/fr\/wp-json\/wp\/v2\/posts\/61525\/revisions"}],"predecessor-version":[{"id":61537,"href":"https:\/\/www.enjoybarocco.com\/fr\/wp-json\/wp\/v2\/posts\/61525\/revisions\/61537"}],"wp:featuredmedia":[{"embeddable":true,"href":"https:\/\/www.enjoybarocco.com\/fr\/wp-json\/wp\/v2\/media\/61528"}],"wp:attachment":[{"href":"https:\/\/www.enjoybarocco.com\/fr\/wp-json\/wp\/v2\/media?parent=61525"}],"wp:term":[{"taxonomy":"category","embeddable":true,"href":"https:\/\/www.enjoybarocco.com\/fr\/wp-json\/wp\/v2\/categories?post=61525"},{"taxonomy":"post_tag","embeddable":true,"href":"https:\/\/www.enjoybarocco.com\/fr\/wp-json\/wp\/v2\/tags?post=61525"}],"curies":[{"name":"wp","href":"https:\/\/api.w.org\/{rel}","templated":true}]}}